{"id":997,"date":"2023-02-14T21:48:31","date_gmt":"2023-02-14T19:48:31","guid":{"rendered":"https:\/\/hoods.fi\/10-syyta-viihtya-eurassa\/"},"modified":"2023-02-14T21:48:31","modified_gmt":"2023-02-14T19:48:31","slug":"10-syyta-viihtya-eurassa","status":"publish","type":"post","link":"https:\/\/hoods.fi\/fi\/blog\/10-syyta-viihtya-eurassa\/","title":{"rendered":"Kaupunkilainen muutti maalle \u2013 10 syyt\u00e4 viihty\u00e4 Eurassa"},"content":{"rendered":"\n\n\n<p><em>Turkulainen Susanna pakkasi tammikuun alussa tavaransa Turun keskustassa ja muutti etel\u00e4isess\u00e4 Satakunnassa sijaitsevaan noin 11 000 asukkaan Euran kuntaan. Ennen muuttoa varoiteltiin, ett\u00e4 satakuntalaiset voivat olla hieman omintakeista porukkaa, eli mahtaako sinne lainkaan kotoutua. Nyt on aika selvitt\u00e4\u00e4, miten k\u00e4vi.<\/em><\/p>\n\n\n\n<p>Moni kunta on houkutellut testiasukkaita kauneimpaan kes\u00e4aikaan, mutta Euran kunta kutsui minut testiasukkaaksi tammikuussa. Rohkea veto keskell\u00e4 pimeint\u00e4 talvikautta, jolloin moni aktiviteetti on tauolla ja ainakin matkailuyritt\u00e4j\u00e4t pit\u00e4v\u00e4t ansaittua lomaa. Mutta jossain on elett\u00e4v\u00e4 my\u00f6s silloin, kun  r\u00e4nt\u00e4\u00e4 sataa. L\u00e4hdin siis ottamaan selv\u00e4\u00e4, voisinko viihty\u00e4 maaseutukunnassa. Ennakkotunnelmia<a href=\"https:\/\/hoods.fi\/fi\/blog\/kaupunkilainen-muutti-euraan\" target=\"_blank\" rel=\"noreferrer noopener\"> voit lukea aiemmasta blogistani<\/a>.<\/p>\n\n\n\n<p>Ja kyll\u00e4h\u00e4n min\u00e4 viihdyin! Seuraavaksi kerron 10 syyt\u00e4, jotka saivat minut tyk\u00e4stym\u00e4\u00e4n Euraan. Juttelin my\u00f6s monen asukkaan kanssa ja samat hyv\u00e4t puolet nousivat esiin. Mutta ei t\u00e4m\u00e4 kirjoitus ihan pelkk\u00e4\u00e4 hehkutusta ole, eli lopussa pohdin my\u00f6s asioita, joita Eurassa voisi kehitt\u00e4\u00e4.<\/p>\n\n\n\n<figure class=\"wp-block-image size-full\"><a href=\"https:\/\/hoods.fi\/wp-content\/uploads\/2025\/11\/eura_kauttua_ruukinpuisto_taloja_auto_talvi2023_800px_knowyourhoods.jpg\"><img decoding=\"async\" src=\"https:\/\/hoods.fi\/wp-content\/uploads\/2025\/11\/eura_kauttua_ruukinpuisto_taloja_auto_talvi2023_800px_knowyourhoods.jpg\" alt=\"\" class=\"wp-image-8054\"\/><\/a><figcaption>Uudet hoodit odottivat Euran Kauttualla. \u00a9 Hoods.fi <\/figcaption><\/figure>\n\n\n\n<h2 class=\"wp-block-heading\">1. Ihanan omanlaiset ihmiset<\/h2>\n\n\n\n<p>Satakuntalaiset voivat kuulemma olla v\u00e4h\u00e4n nihkeit\u00e4, eiv\u00e4t paljon kohteliaisuuksia jakele ja omaa paikkakuntaa ei ainakaan kehuta. No, j\u00e4lkimm\u00e4inen ainakin piti paikkaansa, mutta kyll\u00e4 niit\u00e4 hyvi\u00e4 puoliakin alkoi l\u00f6ytym\u00e4\u00e4n, kun tarpeeksi sinnikk\u00e4\u00e4sti jaksoin kysell\u00e4. \ud83d\ude42<\/p>\n\n\n\n<p>Ehk\u00e4 musta huumorini upposi euralaisiin, sill\u00e4 tulin mainiosti juttuun kohtaamieni ihmisten kanssa. Minut otettiin l\u00e4mpim\u00e4sti vastaan joka paikassa, ja ihmiset esitteliv\u00e4t ilolla omia harrastuksiaan, yrityksi\u00e4\u00e4n ja kertoivat el\u00e4m\u00e4st\u00e4\u00e4n. Muutaman ihmisen kanssa synkkasi niin hyvin, ett\u00e4 voin aidosti kutsua heit\u00e4 yst\u00e4viksi. Se on arvokkainta, mit\u00e4 ihminen voi uudessa asuinpaikassaan kokea. Eli <strong>muistakaa ottaa kaikki (uudet) asukkaat vastaan yht\u00e4 l\u00e4mpim\u00e4sti kuin teitte kohdallani<\/strong>.<\/p>\n\n\n\n<figure class=\"wp-block-image size-full\"><a href=\"https:\/\/hoods.fi\/wp-content\/uploads\/2025\/11\/eura_testiasukas_kahvitauko_800px_knowyourhoods.jpg\"><img decoding=\"async\" src=\"https:\/\/hoods.fi\/wp-content\/uploads\/2025\/11\/eura_testiasukas_kahvitauko_800px_knowyourhoods.jpg\" alt=\"Ihmisi\u00e4 kahvitauolla yhteisen p\u00f6yd\u00e4n \u00e4\u00e4ress\u00e4.\" class=\"wp-image-8250\"\/><\/a><figcaption>Ty\u00f6pisteeni sijaitsi kunnanvirastolla ja oli kiva viett\u00e4\u00e4 kahvitaukoja yhdess\u00e4. \u00a9 Hoods.fi <\/figcaption><\/figure>\n\n\n\n<h2 class=\"wp-block-heading\">2. El\u00e4misen rentous<\/h2>\n\n\n\n<p>Olen asunut kaupungissa koko aikuisik\u00e4ni, osan ajasta Aasian metropoleissa. Viimeisen 7 vuotta olen viett\u00e4nyt melkoisessa kasvuyrityskuplassa, jossa tavoitteet ovat toinen toistaan suurempia ja kovempia. Jo parin ensimm\u00e4isen p\u00e4iv\u00e4n aikana syke tasaantui ja jokainen hetki ei ollut suorittamista. Ihmisill\u00e4 oli aikaa ihan vain j\u00e4\u00e4d\u00e4 juttelemaan. Ja t\u00f6ist\u00e4kin l\u00e4hdettiin j\u00e4rkev\u00e4\u00e4n aikaan kotiin tai harrastamaan.<\/p>\n\n\n\n<p>T\u00e4m\u00e4 her\u00e4tti jopa aika rajulla k\u00e4dell\u00e4 miettim\u00e4\u00e4n omaa el\u00e4m\u00e4ntapaa ja mist\u00e4 oma arki koostuu. Vaikka tein Eurassa paljon, en kokenut sellaista kiirett\u00e4 ja painetta kuin kaupungissa. Lopulta otin uskaliaasti omaa aikaa jopa keskell\u00e4 p\u00e4iv\u00e4\u00e4 ja se olikin poikkeuksellisen mukavaa! Vaikka olen ainakin toistaiseksi palannut kaupunkiin, olen yritt\u00e4nyt yll\u00e4pit\u00e4\u00e4 oppimaani rennonpaa el\u00e4m\u00e4nasennetta.<\/p>\n\n\n\n<figure class=\"wp-block-image size-large\"><a href=\"https:\/\/hoods.fi\/wp-content\/uploads\/2025\/11\/eura_testiasukas_kahvimuki_800px_knowyourhoods.jpg\"><img decoding=\"async\" src=\"https:\/\/hoods.fi\/wp-content\/uploads\/2025\/11\/eura_testiasukas_kahvimuki_800px_knowyourhoods-768x1024-1.jpg\" alt=\"Kahvikuppi, sacherkakkupala ja kukkamaljakko.\" class=\"wp-image-8252\"\/><\/a><figcaption>Ilmeisesti euralaisillakin on joskus kiire, sill\u00e4 kahvikupin lausahdus tuli tutuksi. Eritt\u00e4in k\u00e4ytt\u00f6kelpoinen monessa tilanteessa!  \u00a9 Hoods.fi  <\/figcaption><\/figure>\n\n\n\n<h2 class=\"wp-block-heading\">3. Monipuoliset harrastukset<\/h2>\n\n\n\n<p>Moni paikkakunta mainostaa &#8217;monipuolisia harrastusmahdollisuuksia&#8217; ja ainakin Eurassa t\u00e4m\u00e4 pit\u00e4\u00e4 paikkansa! L\u00e4hdin ennakkoluulottomasti tutustumaan kaikenlaisiin harrastuksiin, joihin kutsuttiin tai jotka itse l\u00f6ysin. Valitettavasti ihan kaikkialle en edes ehtinyt. Upein kokemus oli <a href=\"https:\/\/www.kauttuantehtaidenvpk.fi\/\" target=\"_blank\" rel=\"noreferrer noopener\">Kauttuan Tehtaiden VPK:n<\/a> harjoitukset, jossa p\u00e4\u00e4sin sammuttamaan tulipaloa ja k\u00e4ytt\u00e4m\u00e4\u00e4n raivauskalustoa. N\u00e4m\u00e4 ja 6 muun euralaisen VPK:n pelastajat pit\u00e4v\u00e4t vapaaehtoisesti huolta, ett\u00e4 kuntalaiset ovat turvassa. T\u00e4m\u00e4 oli kerrassaan pys\u00e4ytt\u00e4v\u00e4 kokemus!<\/p>\n\n\n\n<p>VPK:n lis\u00e4ksi k\u00e4vin mm. uimassa ja salilla Euran Urheilutalossa, Avannossa <a href=\"https:\/\/www.facebook.com\/kiperinuimaranta\" target=\"_blank\" rel=\"noreferrer noopener\">Kiperin saunalla<\/a> ja K<a href=\"https:\/\/www.kauttuanik.fi\/\" target=\"_blank\" rel=\"noreferrer noopener\">auttuan ilmailukerholla<\/a> Euran lentokent\u00e4ll\u00e4. Ruokaakin tuli laitettua <a href=\"https:\/\/www.opistopalvelut.fi\/sataopisto\/courses.php?l=fi\" target=\"_blank\" rel=\"noreferrer noopener\">Sataopiston<\/a> japanilaisen ruoan kokkauskurssilla ja opin leipomaan el\u00e4v\u00e4n kulttuuriperinn\u00f6n mukaisesti euranrinkil\u00f6it\u00e4 <a href=\"https:\/\/www.euranpirtti.net\/euranpirtti.htm\" target=\"_blank\" rel=\"noreferrer noopener\">Euran pirtill\u00e4<\/a>. Lis\u00e4ksi minulle opetettiin neulakintaiden tekoa <a href=\"https:\/\/muinaisaikaan.com\/osma\/\" target=\"_blank\" rel=\"noreferrer noopener\">Ala-Satakunnan perinneyhdistyksen<\/a> illassa ja osallistuin kukkasidontakurssille <a href=\"https:\/\/www.facebook.com\/profile.php?id=100057217039233\" target=\"_blank\" rel=\"noreferrer noopener\">Riitan kukkapuutarhassa<\/a> Hinnerjoella. Leffailtaa oli kiva viett\u00e4\u00e4 <a href=\"https:\/\/www.kuvatahti.fi\/fi_FI\/naytosajat\/kauttuan-kuva\" target=\"_blank\" rel=\"noreferrer noopener\">Kauttuan Kuvassa<\/a> ja esihistoriaan sain tutustua <a href=\"https:\/\/www.eura.fi\/kulttuuri-ja-vapaa-aika\/kulttuuri\/elavan-esihistorian-eura\/esihistorian-opastuskeskus\/\" target=\"_blank\" rel=\"noreferrer noopener\">Nauravassa lohik\u00e4\u00e4rmeess\u00e4<\/a>. <\/p>\n\n\n\n<figure class=\"wp-block-image size-large\"><a href=\"https:\/\/hoods.fi\/wp-content\/uploads\/2025\/11\/eura_testiasukas_vpk_harjoitukset_800px_knowyourhoods.jpg\"><img decoding=\"async\" src=\"https:\/\/hoods.fi\/wp-content\/uploads\/2025\/11\/eura_testiasukas_vpk_harjoitukset_800px_knowyourhoods-768x1024-1.jpg\" alt=\"\" class=\"wp-image-8254\"\/><\/a><figcaption>Kauttuan Tehtaiden VPK:n harjoitukset oli yksi Eura-kuukauden kohokohdista. \u00a9 Hoods.fi   <\/figcaption><\/figure>\n\n\n\n<h2 class=\"wp-block-heading\">4. Persoonalliset palvelut<\/h2>\n\n\n\n<p>Eurassa on paikkakunnan kokoon n\u00e4hden monipuoliset palvelut ja useita persoonallisia yrityksi\u00e4. Kaikki p\u00e4ivitt\u00e4isasiointi sujui helposti ja ainakaan t\u00e4n\u00e4 aikana ei tullut sellaista tarvetta, joka ei olisi hoitunut Eurassa. Erityisesti minua ilahdutti k\u00e4ynti <a href=\"https:\/\/www.facebook.com\/people\/Soveron-Taidetalo-kuvataiteilija-Kaisa-Sovero-Sovero-Art-House\/100063632527292\/\" target=\"_blank\" rel=\"noreferrer noopener\">Soveron taidetalossa<\/a>, jossa sai samalla ihastella Kaisa Soveron taidetta ja nauttia h\u00e4nen valmistamastaan loistavasti kreikkalaisesta illallisesta (Huom! kasvisruokaa!).<\/p>\n\n\n\n<p>Lis\u00e4ksi keskustassa oli kivoja liikkeit\u00e4 kuten monen suosittelemat lifestyle-liikkeet <a href=\"https:\/\/ihanuuteni.fi\/\" target=\"_blank\" rel=\"noreferrer noopener\">Ihanuuteni<\/a>, <a href=\"https:\/\/www.artemiia.fi\/\" target=\"_blank\" rel=\"noreferrer noopener\">Artemiia<\/a> ja <a href=\"https:\/\/www.eura.fi\/kulttuuri-ja-vapaa-aika\/kulttuuri\/elavan-esihistorian-eura\/esihistorian-opastuskeskus\/myymala\/\" target=\"_blank\" rel=\"noreferrer noopener\">Nauravan lohik\u00e4\u00e4rmeen putiikki<\/a> sek\u00e4 <a href=\"https:\/\/www.lankapuoti-treslilium.fi\/\" target=\"_blank\" rel=\"noreferrer noopener\">lankapuoti Tres Lilium<\/a>. Erityisesti <a href=\"https:\/\/www.kirputon.fi\/\" target=\"_blank\" rel=\"noreferrer noopener\">kirppiskahvila Kirputon<\/a> ilahdutti vastuullisesta kuluttamisesta syttyv\u00e4\u00e4 mielt\u00e4ni. Listan jatkoksi on ehdottomasti mainittava originelli Hamm&#8217;in talo, jossa toimii yksi Suomen vanhimmista <a href=\"http:\/\/eurankemikalio.com\/\" target=\"_blank\" rel=\"noreferrer noopener\">kemikalioista<\/a> ja jossa voi samalla tutkailla taiteilija Pirjo Hammin taidetta. <\/p>\n\n\n\n<p>Kasvisruokailijalle erityisesti lounastarjonta oli v\u00e4lill\u00e4 v\u00e4h\u00e4n kinkkinen juttu. Italialainen <a href=\"https:\/\/www.trattorialamiabella.fi\/\" target=\"_blank\" rel=\"noreferrer noopener\">Trattoria la mia bella<\/a> oli huomioinut hienosti jopa vegaanit ja muut erikoisruokavalioita noudattavat ja <a href=\"https:\/\/www.cafe-onni.com\/\" target=\"_blank\" rel=\"noreferrer noopener\">Cafe Onnin<\/a> salaatti tuli usein haettua lounaaksi.<\/p>\n\n\n\n<figure class=\"wp-block-image size-full\"><a href=\"https:\/\/hoods.fi\/wp-content\/uploads\/2025\/11\/eura_testiasukas_soveron_kartano_800px_knowyourhoods.jpg\"><img decoding=\"async\" src=\"https:\/\/hoods.fi\/wp-content\/uploads\/2025\/11\/eura_testiasukas_soveron_kartano_800px_knowyourhoods.jpg\" alt=\"Kaksi ihmist\u00e4 ruokap\u00f6yd\u00e4n \u00e4\u00e4rell\u00e4, kolmas ihminen seisoo taustalla.\" class=\"wp-image-8255\"\/><\/a><figcaption>Illallinen Soveron taidetalossa Euran kunnanjohtaja Juha Majalahden kanssa. Taustalla taiteilija Kaisa Sovero. (Kyll\u00e4, minulla oli muitakin vaatteita mukana kuin vihre\u00e4 villapaita :D). \u00a9 Hoods.fi <\/figcaption><\/figure>\n\n\n\n<h2 class=\"wp-block-heading\">5. Kauttuan Ruukinpuisto ja Alvar Aalto<\/h2>\n\n\n\n<p>Sain asua vieh\u00e4tt\u00e4v\u00e4ss\u00e4 Kauttuan Ruukinpuistossa ja kansainv\u00e4lisestikin tunnetussa Alvar Aallon Terassitalossa. Hyvin pelattu, Euran kunta \ud83d\ude09 Sekoitus ruukkihistoriaa ja Aallon k\u00e4denj\u00e4lke\u00e4 tekev\u00e4t ruukinpuistosta upean paikan asua ja rakastuinkin asuntoon ja ymp\u00e4rist\u00f6\u00f6n aivan t\u00e4ysin! Lis\u00e4ksi alle kilometrin k\u00e4velymatkan p\u00e4\u00e4ss\u00e4 on kaikki tarvittavat palvelut ja jopa se elokuvateatteri. Lyhyen matkan p\u00e4\u00e4st\u00e4 avautuu my\u00f6s n\u00e4kym\u00e4t Pyh\u00e4j\u00e4rvelle. Jos Kauttua kiinnostaa asuinpaikkana, kannattaa lukaista aiempi blogimme <a href=\"https:\/\/hoods.fi\/fi\/blog\/euran-kauttua-ruukkikylan-lumo\" target=\"_blank\" rel=\"noreferrer noopener\">Ruukkikyl\u00e4n lumo vie helposti menness\u00e4\u00e4n<\/a>.<\/p>\n\n\n\n<figure class=\"wp-block-image size-full\"><a href=\"https:\/\/hoods.fi\/wp-content\/uploads\/2025\/11\/eura_kauttua_terassitalo_talvi2023_800px_knowyourhoods.jpg\"><img decoding=\"async\" src=\"https:\/\/hoods.fi\/wp-content\/uploads\/2025\/11\/eura_kauttua_terassitalo_talvi2023_800px_knowyourhoods.jpg\" alt=\"Vasemmalla Alvar Aaalon Terassitalo ulkoa ja oikealla kuva talon olohuoneesta.\" class=\"wp-image-8051\"\/><\/a><figcaption>Sain asua upeassa Alvar Aallon Terassitalossa. \u00a9 Hoods.fi<\/figcaption><\/figure>\n\n\n\n<h2 class=\"wp-block-heading\">6. Luonto ja vesist\u00f6t<\/h2>\n\n\n\n<p>Odotukseni oli, ett\u00e4 tammikuussa vain hiihtelen Pyh\u00e4j\u00e4rvell\u00e4 ja retkiluistelen asumattoman Koskelj\u00e4rven j\u00e4ill\u00e4. Totuus on, ett\u00e4 suurimman osan ajasta satoi vett\u00e4, joten n\u00e4m\u00e4 huvit j\u00e4iv\u00e4t nyt kokematta. Kuitenkin Euran vesist\u00f6t ja niiden harrastusmahdollisuudet saivat paljon kehuja paikallisilta ja p\u00e4\u00e4sin sent\u00e4\u00e4n nauttimaan Pyh\u00e4j\u00e4rvest\u00e4 Kiperin avannolla (<a href=\"https:\/\/hoods.fi\/fi\/blog\/turun-seudun-avannot\" target=\"_blank\" rel=\"noreferrer noopener\">lis\u00e4tietoja avannosta l\u00f6ytyy blogista<\/a>). Odottelen edelleen niit\u00e4 hiihtokelej\u00e4, jotta on hyv\u00e4 syy palata Euraan!<\/p>\n\n\n\n<figure class=\"wp-block-image size-large\"><a href=\"https:\/\/hoods.fi\/wp-content\/uploads\/2025\/11\/eura_testiasukas_kiperi_susanna_lahtinen-scaled-1.jpg\"><img decoding=\"async\" src=\"https:\/\/hoods.fi\/wp-content\/uploads\/2025\/11\/eura_testiasukas_kiperi_susanna_lahtinen-1024x698-1.jpg\" alt=\"Kiperin avanto ja uimari.\" class=\"wp-image-8257\"\/><\/a><figcaption> Rohkenin avantoon 15 vuoden tauon j\u00e4lkeen. \u00a9 Hoods.fi <\/figcaption><\/figure>\n\n\n\n<h2 class=\"wp-block-heading\">7. El\u00e4misen helppous<\/h2>\n\n\n\n<p>Pienell\u00e4 paikkakunnalla on helppo hoitaa asiat, kun l\u00e4hes kaikki tarvittava on lyhyen v\u00e4limatkan p\u00e4\u00e4ss\u00e4 toisistaan. Miss\u00e4\u00e4n ei ole ruuhkia (kuulemma kolmen auton jono lasketaan jo ruuhkaksi&#8230;), pys\u00e4k\u00f6inti on maksutonta ja jotenkin kaikki vain on k\u00e4tev\u00e4\u00e4. Toisaalta huomasin sen, ett\u00e4 oli v\u00e4h\u00e4n liiankin houkuttelevaa l\u00e4hte\u00e4 aamulla autolla liikkeelle, sill\u00e4 se on paikkakunnan tapa. No, kyll\u00e4 kovasti koitin my\u00f6s v\u00e4lill\u00e4 k\u00e4vell\u00e4 t\u00f6ihin.<\/p>\n\n\n\n<figure class=\"wp-block-image size-full\"><a href=\"https:\/\/hoods.fi\/wp-content\/uploads\/2025\/11\/eura_testiasukas_urheilutalo_800px_knowyourhoods-1.jpg\"><img decoding=\"async\" src=\"https:\/\/hoods.fi\/wp-content\/uploads\/2025\/11\/eura_testiasukas_urheilutalo_800px_knowyourhoods-1.jpg\" alt=\"Euran urheilutalo iltavalaistuksessa.\" class=\"wp-image-8259\"\/><\/a><figcaption>T\u00f6iden j\u00e4lkeen oli k\u00e4tev\u00e4\u00e4 k\u00e4yd\u00e4 salilla ja uimassa ruuhkattomassa Urheilutalossa. \u00a9 Hoods.fi  <\/figcaption><\/figure>\n\n\n\n<h2 class=\"wp-block-heading\">8. Asumisen edullisuus<\/h2>\n\n\n\n<p>On p\u00e4iv\u00e4n selv\u00e4\u00e4, ett\u00e4 mit\u00e4 kauemmas kasvukeskuksista menn\u00e4\u00e4n, sit\u00e4 edullisempaa asuminen on. Jotenkin hintatason ero kuitenkin iski tajuntaan vasta, kun vertailin asuntojen hintoja omaan Turun keskustan l\u00e4heiseen kaksiooni. Kauttualla voi ostaa hyv\u00e4kuntoisen omakotitalon ja ison pihan 100 000 eurolla ja hyv\u00e4nkokoisen vuokrakaksion saa noin 450 eurolla\/kk. Melkoinen ero oman asunnon hintaan. <\/p>\n\n\n\n<figure class=\"wp-block-image size-full\"><a href=\"https:\/\/hoods.fi\/wp-content\/uploads\/2025\/11\/eura_kauttua_omakotitalo_talvi2023_800px_knowyourhoods.jpg\"><img decoding=\"async\" src=\"https:\/\/hoods.fi\/wp-content\/uploads\/2025\/11\/eura_kauttua_omakotitalo_talvi2023_800px_knowyourhoods.jpg\" alt=\"\" class=\"wp-image-8261\"\/><\/a><figcaption>Kauttuan Varkaudenm\u00e4ell\u00e4 on tunnelmallisia omakotitaloja ja n\u00e4iss\u00e4kin taloissa n\u00e4kyy Aallon k\u00e4denj\u00e4lki. \u00a9 Hoods.fi   <\/figcaption><\/figure>\n\n\n\n<h2 class=\"wp-block-heading\">9. Ty\u00f6paikat ja yritt\u00e4jyys<\/h2>\n\n\n\n<p>Eurassa on erinomainen ty\u00f6paikkaomavaraisuus ja tarjolla on monenlaisia teht\u00e4vi\u00e4. Tammikuun lopulla my\u00f6s julkistettiin merkitt\u00e4v\u00e4 vihre\u00e4\u00e4 siirtym\u00e4\u00e4 tukeva hanke, kun <a href=\"https:\/\/www.eura.fi\/ahlstrom-suunnittelee-suurta-aurinkopuistoa-euraan\/\" target=\"_blank\" rel=\"noreferrer noopener\">Ahlstr\u00f6m Kiinteist\u00f6t Oy<\/a> kertoi investoivansa yli 50 miljoonaa aurinkopuiston perustamiseen. Helmikuun alussa <a href=\"https:\/\/www.biolan.fi\/artikkelit\/lehdistotiedotteet\/biolan-etujoukoissa-vihreassa-siirtymassa-suomalainen-innovaatio-vauhdittaa-muutosta.html\" target=\"_blank\" rel=\"noreferrer noopener\">Biolan<\/a> taas avasi Eurassa<strong> <\/strong>koko maailman mittakaavassa ainutlaatuisen biokuitulaitoksen. N\u00e4m\u00e4 investoinnit kertovat paljon seudun elinvoimasta ja tulevaisuuden n\u00e4kymist\u00e4. <\/p>\n\n\n\n<figure class=\"wp-block-image size-full\"><a href=\"https:\/\/hoods.fi\/wp-content\/uploads\/2025\/11\/eura_yritystalo_talvi2023_800px_knowyourhoods.jpg\"><img decoding=\"async\" src=\"https:\/\/hoods.fi\/wp-content\/uploads\/2025\/11\/eura_yritystalo_talvi2023_800px_knowyourhoods.jpg\" alt=\"\" class=\"wp-image-8262\"\/><\/a><figcaption>Euran yritystalon avajaisia vietettiin tammikuussa. Kirjoittamisen hetkell\u00e4 vapaana oli yksi toimisto. \u00a9 Hoods.fi    <\/figcaption><\/figure>\n\n\n\n<h2 class=\"wp-block-heading\">10. Euran sijainti<\/h2>\n\n\n\n<p>Sijainti on yleens\u00e4 monissa asumisen listauksissa k\u00e4rkipaikoilla, sill\u00e4 onhan se merkitt\u00e4v\u00e4 tekij\u00e4. Itse en olisi valmis k\u00e4ym\u00e4\u00e4n p\u00e4ivitt\u00e4in t\u00f6iss\u00e4 Turussa, mutta esim. pari kertaa viikossa noin tunnin matka on ihan siedett\u00e4v\u00e4. Raumalle hurauttaa alle puolessa tunnissa ja Poriin 40 minuutissa. Julkinen liikenne kulkee aika hyvin suurimpiin kaupunkeihin. <\/p>\n\n\n\n<figure class=\"wp-block-image size-full\"><a href=\"https:\/\/hoods.fi\/wp-content\/uploads\/2025\/11\/eura_tienviitta_800px_knowyourhoods.jpg\"><img decoding=\"async\" src=\"https:\/\/hoods.fi\/wp-content\/uploads\/2025\/11\/eura_tienviitta_800px_knowyourhoods.jpg\" alt=\"\" class=\"wp-image-8267\"\/><\/a><figcaption>Jos kaipaa isomman kaupungin huveja, Rauma on puolen tunnin ajomatkan p\u00e4\u00e4ss\u00e4. \u00a9 Hoods.fi <\/figcaption><\/figure>\n\n\n\n<h2 class=\"wp-block-heading\">Asiat, joita Eurassa voisi parantaa:<\/h2>\n\n\n\n<ol class=\"wp-block-list\"><li><strong>Kasviruoka ja erikoisruokavalioiden huomioiminen: <\/strong>Sy\u00f6n kasvisruokapainotteisesti. Toivoisin kovasti, ett\u00e4 kasvisruokaa ei n\u00e4ht\u00e4isi vain pakollisena pahana vaan se voisi olla ihan jokaiselle ruokailijalle vaihtoehto. T\u00e4ss\u00e4 on viel\u00e4 monella paikalla petrattavaa ja esit\u00e4nkin haasteen paikallisille ravintoloille, ett\u00e4 miten kasvisruoasta saataisin houkutteleva vaihtoehto ihan kaikille.<\/li><li><strong>Kierr\u00e4tys: <\/strong>Olen tottunut kierr\u00e4tt\u00e4m\u00e4\u00e4n kaiken mahdollisen, koska se on k\u00e4tev\u00e4\u00e4, helppoa ja isoissa kaupungeissa my\u00f6s pakollista. Vaikka vaatimukset eiv\u00e4t olekaan yht\u00e4 tiukat pienemmill\u00e4 paikkakunnilla, voisi Eura ja euralaiset panostaa kierr\u00e4tykseen proaktiivisesti.<\/li><li><strong>Julkinen liikenne:<\/strong> Etenkin talvella oma auto tuntuu olevan v\u00e4ltt\u00e4m\u00e4tt\u00f6myys. Tunnen monia, joille autottomuus on arvovalinta. Miten kunnan sis\u00e4ist\u00e4 liikkumista voitaisiin edist\u00e4\u00e4 muutenkin kuin yksityisautoilun my\u00f6t\u00e4? <\/li><li><strong>Keskustan kehitt\u00e4mien:<\/strong> Kauttuan Ruukinpuiston ollessa Euran helmi (ainakin omasta mielest\u00e4ni!), varsinaisen keskustan viihtyisyytt\u00e4 kannattaisi parantaa. Tied\u00e4n, ett\u00e4 aihe on parhaillaan ajankohtainen ja odotankin innolla tulevaa kes\u00e4kahvilaa jokirantaan sek\u00e4 muita suunnitteilla olevia parannuksia.<\/li><li><strong>Aukioloajat: <\/strong>Minun oli vaikeaa tottua suppeisiin aukioloaikoihin ja kannustankin eri toimijoita miettim\u00e4\u00e4n, voisiko esim. viikolla olla jokin p\u00e4iv\u00e4, kun oma palvelu on iltapainotteisesti auki. Kuluttujien tapa toimia ei muutu hetkess\u00e4, mutta tulkitsin monen kaipaavaan hieman laajempia aukioloaikoja. Suosittelen siis pohtimaan asiaan!<\/li><\/ol>\n\n\n\n<h2 class=\"wp-block-heading\">Voisinko muuttaa Euraan?<\/h2>\n\n\n\n<p>Sitten vastaus siihen t\u00e4rke\u00e4\u00e4n kysymykseen, eli voisinko muuttaa Euraan? Vastaukseni on, ett\u00e4 osittain! Voisin hyvin kuvitella asuvani osan ajasta Eurassa ja osan Turussa. Ihan kokonaan en ole valmis l\u00e4htem\u00e4\u00e4n, sill\u00e4 t\u00f6iden ja monin osion sosiaalisen el\u00e4m\u00e4n puolesta on k\u00e4tevint\u00e4 asua Turussa. Mutta Eura j\u00e4tti todellakin j\u00e4ljen ja syd\u00e4meni pomppii tavallista tiuhemmin, kun mietin, mit\u00e4 paikkakunta minulle antoi.<\/p>\n\n\n\n<p>Jos sin\u00e4 innostuit Eurasta asuinpaikkana, <a href=\"https:\/\/hoods.fi\/fi\/city\/eura\" target=\"_blank\" rel=\"noreferrer noopener\">tutustu kuntaan ja sen kiehtoviin kyliin t\u00e4\u00e4ll\u00e4 Know Your Hoodsissa<\/a>.<\/p>\n\n\n\n<p> S<em>usanna &#8211; syd\u00e4mens\u00e4 osittain Euraan j\u00e4tt\u00e4nyt kaupunkilainen<\/em> <\/p>\n\n\n\n<h2 class=\"wp-block-heading\">Asutko Eurassa? Kerro se muille!<\/h2>\n\n\n\n<p>Havaintoni mukaan kehuminen on vaikeaa paikallisille, mutta nyt olisi erinomainen tilaisuus kertoa, miksi Eura on kiva paikka asua. Kerro t\u00e4\u00e4ll\u00e4 Know Your Hoodsissa, millaista on asua juuri sinun asuinalueella. <\/p>\n\n\n\n<p>Toimi n\u00e4in:<\/p>\n\n\n\n<ul class=\"wp-block-list\"><li><a href=\"https:\/\/hoods.fi\/fi\/register\">Siirry Know Your Hoodsin kirjautumissivulle<\/a>.<\/li><li>Rekister\u00f6idy palveluun.&nbsp;<\/li><li>Kirjoita arvostelu ja julkaise se.<\/li><\/ul>\n\n\n\n<h2 class=\"wp-block-heading\">Oletko yhdistystoimija? Tule mukaan kehitt\u00e4m\u00e4\u00e4n viestint\u00e4\u00e4!<\/h2>\n\n\n\n<p>Jatkamme Euran kunnan kanssa yhteisty\u00f6t\u00e4 yhdistystoiminnan digitaalisen viestinn\u00e4n kehitt\u00e4miseksi, kyseess\u00e4 on Leader-hanke. Tervetuloa mukaan 2.3. klo 18 j\u00e4rjestett\u00e4v\u00e4\u00e4n ty\u00f6pajaan, jossa ty\u00f6st\u00e4mme yhdess\u00e4 innostavia esittelytekstej\u00e4 ja sy\u00f6t\u00e4mme tietoja valtakunnalliseen L\u00e4hell\u00e4.fi &#8211; yhdistystietokantaan.<a href=\"https:\/\/bit.ly\/eura-ilmoittaudu\" target=\"_blank\" rel=\"noreferrer noopener\"> Ilmoittaudu mukaan linkin takaa<\/a>.<\/p>\n\n\n\n<p><strong>My\u00f6s n\u00e4m\u00e4 blogit saattavat kiinnostaa sinua:<\/strong><\/p>\n\n\n\n<ul class=\"wp-block-list\"><li><strong><a href=\"https:\/\/hoods.fi\/fi\/blog\/euran-kauttua-ruukkikylan-lumo\">Euran Kauttua \u2013 Ruukkikyl\u00e4n lumo vie helposti menness\u00e4\u00e4n<\/a><\/strong><\/li><li><strong><a href=\"https:\/\/hoods.fi\/fi\/blog\/eura-know-your-hoods-laajenee\">Ovi auki Euraan &#8211; Tutustu etel\u00e4isen Satakunnan helmeen<\/a><\/strong><\/li><\/ul>\n\n\n","protected":false},"excerpt":{"rendered":"<p>Turkulainen Susanna pakkasi tammikuun alussa tavaransa Turun keskustassa ja muutti etel\u00e4isess\u00e4 Satakunnassa sijaitsevaan noin 11 000 asukkaan Euran kuntaan. Ennen muuttoa varoiteltiin, ett\u00e4 satakuntalaiset voivat olla hieman omintakeista porukkaa, eli mahtaako sinne lainkaan kotoutua. Nyt on aika selvitt\u00e4\u00e4, miten k\u00e4vi.<\/p>\n","protected":false},"author":2,"featured_media":996,"comment_status":"open","ping_status":"open","sticky":false,"template":"","format":"standard","meta":{"_acf_changed":false,"_glsr_average":0,"_glsr_ranking":0,"_glsr_reviews":0,"footnotes":""},"categories":[45,87,92,68,46,115,148],"tags":[],"class_list":["post-997","post","type-post","status-publish","format-standard","has-post-thumbnail","hentry","category-eura","category-euran-keskusta","category-hinnerjoki","category-honkilahti","category-kauttua","category-kiukainen","category-panelia"],"acf":[],"yoast_head":"<!-- This site is optimized with the Yoast SEO plugin v27.4 - https:\/\/yoast.com\/product\/yoast-seo-wordpress\/ -->\n<title>Kaupunkilainen muutti maalle \u2013 10 syyt\u00e4 viihty\u00e4 Eurassa<\/title>\n<meta name=\"description\" content=\"Turkulainen Susanna pakkasi tavaransa Turun keskustassa ja muutti etel\u00e4isess\u00e4 Satakunnassa sijaitsevaan Euran kuntaan. Miten h\u00e4n viihtyy?\" \/>\n<meta name=\"robots\" content=\"index, follow, max-snippet:-1, max-image-preview:large, max-video-preview:-1\" \/>\n<link rel=\"canonical\" href=\"https:\/\/hoods.fi\/fi\/blog\/10-syyta-viihtya-eurassa\/\" \/>\n<meta property=\"og:locale\" content=\"fi_FI\" \/>\n<meta property=\"og:type\" content=\"article\" \/>\n<meta property=\"og:title\" content=\"Kaupunkilainen muutti maalle \u2013 10 syyt\u00e4 viihty\u00e4 Eurassa\" \/>\n<meta property=\"og:description\" content=\"Turkulainen Susanna pakkasi tavaransa Turun keskustassa ja muutti etel\u00e4isess\u00e4 Satakunnassa sijaitsevaan Euran kuntaan. Miten h\u00e4n viihtyy?\" \/>\n<meta property=\"og:url\" content=\"https:\/\/hoods.fi\/fi\/blog\/10-syyta-viihtya-eurassa\/\" \/>\n<meta property=\"og:site_name\" content=\"Hoods.fi\" \/>\n<meta property=\"article:published_time\" content=\"2023-02-14T19:48:31+00:00\" \/>\n<meta property=\"og:image\" content=\"https:\/\/hoods.fi\/wp-content\/uploads\/2025\/11\/eura_kauttua_terassitalo_talvi2023_2000px_knowyourhoods.jpg\" \/>\n\t<meta property=\"og:image:width\" content=\"2000\" \/>\n\t<meta property=\"og:image:height\" content=\"1289\" \/>\n\t<meta property=\"og:image:type\" content=\"image\/jpeg\" \/>\n<meta name=\"author\" content=\"Susanna\" \/>\n<meta name=\"twitter:card\" content=\"summary_large_image\" \/>\n<meta name=\"twitter:title\" content=\"Kaupunkilainen muutti maalle \u2013 10 syyt\u00e4 viihty\u00e4 Eurassa\" \/>\n<meta name=\"twitter:description\" content=\"Turkulainen Susanna pakkasi tavaransa Turun keskustassa ja muutti etel\u00e4isess\u00e4 Satakunnassa sijaitsevaan Euran kuntaan. Miten h\u00e4n viihtyy?\" \/>\n<meta name=\"twitter:label1\" content=\"Kirjoittanut\" \/>\n\t<meta name=\"twitter:data1\" content=\"Susanna\" \/>\n\t<meta name=\"twitter:label2\" content=\"Arvioitu lukuaika\" \/>\n\t<meta name=\"twitter:data2\" content=\"8 minuuttia\" \/>\n<script type=\"application\/ld+json\" class=\"yoast-schema-graph\">{\"@context\":\"https:\\\/\\\/schema.org\",\"@graph\":[{\"@type\":\"Article\",\"@id\":\"https:\\\/\\\/hoods.fi\\\/fi\\\/blog\\\/10-syyta-viihtya-eurassa\\\/#article\",\"isPartOf\":{\"@id\":\"https:\\\/\\\/hoods.fi\\\/fi\\\/blog\\\/10-syyta-viihtya-eurassa\\\/\"},\"author\":{\"name\":\"Susanna\",\"@id\":\"https:\\\/\\\/hoods.fi\\\/fi\\\/#\\\/schema\\\/person\\\/7b9fad10dcd0278e9deae0460ff60fb2\"},\"headline\":\"Kaupunkilainen muutti maalle \u2013 10 syyt\u00e4 viihty\u00e4 Eurassa\",\"datePublished\":\"2023-02-14T19:48:31+00:00\",\"mainEntityOfPage\":{\"@id\":\"https:\\\/\\\/hoods.fi\\\/fi\\\/blog\\\/10-syyta-viihtya-eurassa\\\/\"},\"wordCount\":1685,\"commentCount\":1,\"publisher\":{\"@id\":\"https:\\\/\\\/hoods.fi\\\/fi\\\/#organization\"},\"image\":{\"@id\":\"https:\\\/\\\/hoods.fi\\\/fi\\\/blog\\\/10-syyta-viihtya-eurassa\\\/#primaryimage\"},\"thumbnailUrl\":\"https:\\\/\\\/hoods.fi\\\/wp-content\\\/uploads\\\/2025\\\/11\\\/eura_kauttua_terassitalo_talvi2023_2000px_knowyourhoods.jpg\",\"articleSection\":[\"Eura\",\"Euran-keskusta\",\"Hinnerjoki\",\"Honkilahti\",\"Kauttua\",\"Kiukainen\",\"Panelia\"],\"inLanguage\":\"fi\",\"potentialAction\":[{\"@type\":\"CommentAction\",\"name\":\"Comment\",\"target\":[\"https:\\\/\\\/hoods.fi\\\/fi\\\/blog\\\/10-syyta-viihtya-eurassa\\\/#respond\"]}]},{\"@type\":\"WebPage\",\"@id\":\"https:\\\/\\\/hoods.fi\\\/fi\\\/blog\\\/10-syyta-viihtya-eurassa\\\/\",\"url\":\"https:\\\/\\\/hoods.fi\\\/fi\\\/blog\\\/10-syyta-viihtya-eurassa\\\/\",\"name\":\"Kaupunkilainen muutti maalle \u2013 10 syyt\u00e4 viihty\u00e4 Eurassa\",\"isPartOf\":{\"@id\":\"https:\\\/\\\/hoods.fi\\\/fi\\\/#website\"},\"primaryImageOfPage\":{\"@id\":\"https:\\\/\\\/hoods.fi\\\/fi\\\/blog\\\/10-syyta-viihtya-eurassa\\\/#primaryimage\"},\"image\":{\"@id\":\"https:\\\/\\\/hoods.fi\\\/fi\\\/blog\\\/10-syyta-viihtya-eurassa\\\/#primaryimage\"},\"thumbnailUrl\":\"https:\\\/\\\/hoods.fi\\\/wp-content\\\/uploads\\\/2025\\\/11\\\/eura_kauttua_terassitalo_talvi2023_2000px_knowyourhoods.jpg\",\"datePublished\":\"2023-02-14T19:48:31+00:00\",\"description\":\"Turkulainen Susanna pakkasi tavaransa Turun keskustassa ja muutti etel\u00e4isess\u00e4 Satakunnassa sijaitsevaan Euran kuntaan. Miten h\u00e4n viihtyy?\",\"breadcrumb\":{\"@id\":\"https:\\\/\\\/hoods.fi\\\/fi\\\/blog\\\/10-syyta-viihtya-eurassa\\\/#breadcrumb\"},\"inLanguage\":\"fi\",\"potentialAction\":[{\"@type\":\"ReadAction\",\"target\":[\"https:\\\/\\\/hoods.fi\\\/fi\\\/blog\\\/10-syyta-viihtya-eurassa\\\/\"]}]},{\"@type\":\"ImageObject\",\"inLanguage\":\"fi\",\"@id\":\"https:\\\/\\\/hoods.fi\\\/fi\\\/blog\\\/10-syyta-viihtya-eurassa\\\/#primaryimage\",\"url\":\"https:\\\/\\\/hoods.fi\\\/wp-content\\\/uploads\\\/2025\\\/11\\\/eura_kauttua_terassitalo_talvi2023_2000px_knowyourhoods.jpg\",\"contentUrl\":\"https:\\\/\\\/hoods.fi\\\/wp-content\\\/uploads\\\/2025\\\/11\\\/eura_kauttua_terassitalo_talvi2023_2000px_knowyourhoods.jpg\",\"width\":2000,\"height\":1289},{\"@type\":\"BreadcrumbList\",\"@id\":\"https:\\\/\\\/hoods.fi\\\/fi\\\/blog\\\/10-syyta-viihtya-eurassa\\\/#breadcrumb\",\"itemListElement\":[{\"@type\":\"ListItem\",\"position\":1,\"name\":\"Etusivu\",\"item\":\"https:\\\/\\\/hoods.fi\\\/fi\\\/\"},{\"@type\":\"ListItem\",\"position\":2,\"name\":\"Kaupunkilainen muutti maalle \u2013 10 syyt\u00e4 viihty\u00e4 Eurassa\"}]},{\"@type\":\"WebSite\",\"@id\":\"https:\\\/\\\/hoods.fi\\\/fi\\\/#website\",\"url\":\"https:\\\/\\\/hoods.fi\\\/fi\\\/\",\"name\":\"Hoods.fi\",\"description\":\"El&auml;m&auml;&auml; naapurustoissa\",\"publisher\":{\"@id\":\"https:\\\/\\\/hoods.fi\\\/fi\\\/#organization\"},\"potentialAction\":[{\"@type\":\"SearchAction\",\"target\":{\"@type\":\"EntryPoint\",\"urlTemplate\":\"https:\\\/\\\/hoods.fi\\\/fi\\\/?s={search_term_string}\"},\"query-input\":{\"@type\":\"PropertyValueSpecification\",\"valueRequired\":true,\"valueName\":\"search_term_string\"}}],\"inLanguage\":\"fi\"},{\"@type\":\"Organization\",\"@id\":\"https:\\\/\\\/hoods.fi\\\/fi\\\/#organization\",\"name\":\"Hoods.fi\",\"url\":\"https:\\\/\\\/hoods.fi\\\/fi\\\/\",\"logo\":{\"@type\":\"ImageObject\",\"inLanguage\":\"fi\",\"@id\":\"https:\\\/\\\/hoods.fi\\\/fi\\\/#\\\/schema\\\/logo\\\/image\\\/\",\"url\":\"https:\\\/\\\/hoods.fi\\\/wp-content\\\/uploads\\\/2025\\\/11\\\/hoods-uusi-logo.png\",\"contentUrl\":\"https:\\\/\\\/hoods.fi\\\/wp-content\\\/uploads\\\/2025\\\/11\\\/hoods-uusi-logo.png\",\"width\":500,\"height\":250,\"caption\":\"Hoods.fi\"},\"image\":{\"@id\":\"https:\\\/\\\/hoods.fi\\\/fi\\\/#\\\/schema\\\/logo\\\/image\\\/\"}},{\"@type\":\"Person\",\"@id\":\"https:\\\/\\\/hoods.fi\\\/fi\\\/#\\\/schema\\\/person\\\/7b9fad10dcd0278e9deae0460ff60fb2\",\"name\":\"Susanna\",\"image\":{\"@type\":\"ImageObject\",\"inLanguage\":\"fi\",\"@id\":\"https:\\\/\\\/secure.gravatar.com\\\/avatar\\\/dc003c0fd8c3046d9a4a7faa6e492487dcafb9f2c0b91fa892a48acaae5951f2?s=96&d=mm&r=g\",\"url\":\"https:\\\/\\\/secure.gravatar.com\\\/avatar\\\/dc003c0fd8c3046d9a4a7faa6e492487dcafb9f2c0b91fa892a48acaae5951f2?s=96&d=mm&r=g\",\"contentUrl\":\"https:\\\/\\\/secure.gravatar.com\\\/avatar\\\/dc003c0fd8c3046d9a4a7faa6e492487dcafb9f2c0b91fa892a48acaae5951f2?s=96&d=mm&r=g\",\"caption\":\"Susanna\"}}]}<\/script>\n<!-- \/ Yoast SEO plugin. -->","yoast_head_json":{"title":"Kaupunkilainen muutti maalle \u2013 10 syyt\u00e4 viihty\u00e4 Eurassa","description":"Turkulainen Susanna pakkasi tavaransa Turun keskustassa ja muutti etel\u00e4isess\u00e4 Satakunnassa sijaitsevaan Euran kuntaan. Miten h\u00e4n viihtyy?","robots":{"index":"index","follow":"follow","max-snippet":"max-snippet:-1","max-image-preview":"max-image-preview:large","max-video-preview":"max-video-preview:-1"},"canonical":"https:\/\/hoods.fi\/fi\/blog\/10-syyta-viihtya-eurassa\/","og_locale":"fi_FI","og_type":"article","og_title":"Kaupunkilainen muutti maalle \u2013 10 syyt\u00e4 viihty\u00e4 Eurassa","og_description":"Turkulainen Susanna pakkasi tavaransa Turun keskustassa ja muutti etel\u00e4isess\u00e4 Satakunnassa sijaitsevaan Euran kuntaan. Miten h\u00e4n viihtyy?","og_url":"https:\/\/hoods.fi\/fi\/blog\/10-syyta-viihtya-eurassa\/","og_site_name":"Hoods.fi","article_published_time":"2023-02-14T19:48:31+00:00","og_image":[{"width":2000,"height":1289,"url":"https:\/\/hoods.fi\/wp-content\/uploads\/2025\/11\/eura_kauttua_terassitalo_talvi2023_2000px_knowyourhoods.jpg","type":"image\/jpeg"}],"author":"Susanna","twitter_card":"summary_large_image","twitter_title":"Kaupunkilainen muutti maalle \u2013 10 syyt\u00e4 viihty\u00e4 Eurassa","twitter_description":"Turkulainen Susanna pakkasi tavaransa Turun keskustassa ja muutti etel\u00e4isess\u00e4 Satakunnassa sijaitsevaan Euran kuntaan. Miten h\u00e4n viihtyy?","twitter_misc":{"Kirjoittanut":"Susanna","Arvioitu lukuaika":"8 minuuttia"},"schema":{"@context":"https:\/\/schema.org","@graph":[{"@type":"Article","@id":"https:\/\/hoods.fi\/fi\/blog\/10-syyta-viihtya-eurassa\/#article","isPartOf":{"@id":"https:\/\/hoods.fi\/fi\/blog\/10-syyta-viihtya-eurassa\/"},"author":{"name":"Susanna","@id":"https:\/\/hoods.fi\/fi\/#\/schema\/person\/7b9fad10dcd0278e9deae0460ff60fb2"},"headline":"Kaupunkilainen muutti maalle \u2013 10 syyt\u00e4 viihty\u00e4 Eurassa","datePublished":"2023-02-14T19:48:31+00:00","mainEntityOfPage":{"@id":"https:\/\/hoods.fi\/fi\/blog\/10-syyta-viihtya-eurassa\/"},"wordCount":1685,"commentCount":1,"publisher":{"@id":"https:\/\/hoods.fi\/fi\/#organization"},"image":{"@id":"https:\/\/hoods.fi\/fi\/blog\/10-syyta-viihtya-eurassa\/#primaryimage"},"thumbnailUrl":"https:\/\/hoods.fi\/wp-content\/uploads\/2025\/11\/eura_kauttua_terassitalo_talvi2023_2000px_knowyourhoods.jpg","articleSection":["Eura","Euran-keskusta","Hinnerjoki","Honkilahti","Kauttua","Kiukainen","Panelia"],"inLanguage":"fi","potentialAction":[{"@type":"CommentAction","name":"Comment","target":["https:\/\/hoods.fi\/fi\/blog\/10-syyta-viihtya-eurassa\/#respond"]}]},{"@type":"WebPage","@id":"https:\/\/hoods.fi\/fi\/blog\/10-syyta-viihtya-eurassa\/","url":"https:\/\/hoods.fi\/fi\/blog\/10-syyta-viihtya-eurassa\/","name":"Kaupunkilainen muutti maalle \u2013 10 syyt\u00e4 viihty\u00e4 Eurassa","isPartOf":{"@id":"https:\/\/hoods.fi\/fi\/#website"},"primaryImageOfPage":{"@id":"https:\/\/hoods.fi\/fi\/blog\/10-syyta-viihtya-eurassa\/#primaryimage"},"image":{"@id":"https:\/\/hoods.fi\/fi\/blog\/10-syyta-viihtya-eurassa\/#primaryimage"},"thumbnailUrl":"https:\/\/hoods.fi\/wp-content\/uploads\/2025\/11\/eura_kauttua_terassitalo_talvi2023_2000px_knowyourhoods.jpg","datePublished":"2023-02-14T19:48:31+00:00","description":"Turkulainen Susanna pakkasi tavaransa Turun keskustassa ja muutti etel\u00e4isess\u00e4 Satakunnassa sijaitsevaan Euran kuntaan. Miten h\u00e4n viihtyy?","breadcrumb":{"@id":"https:\/\/hoods.fi\/fi\/blog\/10-syyta-viihtya-eurassa\/#breadcrumb"},"inLanguage":"fi","potentialAction":[{"@type":"ReadAction","target":["https:\/\/hoods.fi\/fi\/blog\/10-syyta-viihtya-eurassa\/"]}]},{"@type":"ImageObject","inLanguage":"fi","@id":"https:\/\/hoods.fi\/fi\/blog\/10-syyta-viihtya-eurassa\/#primaryimage","url":"https:\/\/hoods.fi\/wp-content\/uploads\/2025\/11\/eura_kauttua_terassitalo_talvi2023_2000px_knowyourhoods.jpg","contentUrl":"https:\/\/hoods.fi\/wp-content\/uploads\/2025\/11\/eura_kauttua_terassitalo_talvi2023_2000px_knowyourhoods.jpg","width":2000,"height":1289},{"@type":"BreadcrumbList","@id":"https:\/\/hoods.fi\/fi\/blog\/10-syyta-viihtya-eurassa\/#breadcrumb","itemListElement":[{"@type":"ListItem","position":1,"name":"Etusivu","item":"https:\/\/hoods.fi\/fi\/"},{"@type":"ListItem","position":2,"name":"Kaupunkilainen muutti maalle \u2013 10 syyt\u00e4 viihty\u00e4 Eurassa"}]},{"@type":"WebSite","@id":"https:\/\/hoods.fi\/fi\/#website","url":"https:\/\/hoods.fi\/fi\/","name":"Hoods.fi","description":"El&auml;m&auml;&auml; naapurustoissa","publisher":{"@id":"https:\/\/hoods.fi\/fi\/#organization"},"potentialAction":[{"@type":"SearchAction","target":{"@type":"EntryPoint","urlTemplate":"https:\/\/hoods.fi\/fi\/?s={search_term_string}"},"query-input":{"@type":"PropertyValueSpecification","valueRequired":true,"valueName":"search_term_string"}}],"inLanguage":"fi"},{"@type":"Organization","@id":"https:\/\/hoods.fi\/fi\/#organization","name":"Hoods.fi","url":"https:\/\/hoods.fi\/fi\/","logo":{"@type":"ImageObject","inLanguage":"fi","@id":"https:\/\/hoods.fi\/fi\/#\/schema\/logo\/image\/","url":"https:\/\/hoods.fi\/wp-content\/uploads\/2025\/11\/hoods-uusi-logo.png","contentUrl":"https:\/\/hoods.fi\/wp-content\/uploads\/2025\/11\/hoods-uusi-logo.png","width":500,"height":250,"caption":"Hoods.fi"},"image":{"@id":"https:\/\/hoods.fi\/fi\/#\/schema\/logo\/image\/"}},{"@type":"Person","@id":"https:\/\/hoods.fi\/fi\/#\/schema\/person\/7b9fad10dcd0278e9deae0460ff60fb2","name":"Susanna","image":{"@type":"ImageObject","inLanguage":"fi","@id":"https:\/\/secure.gravatar.com\/avatar\/dc003c0fd8c3046d9a4a7faa6e492487dcafb9f2c0b91fa892a48acaae5951f2?s=96&d=mm&r=g","url":"https:\/\/secure.gravatar.com\/avatar\/dc003c0fd8c3046d9a4a7faa6e492487dcafb9f2c0b91fa892a48acaae5951f2?s=96&d=mm&r=g","contentUrl":"https:\/\/secure.gravatar.com\/avatar\/dc003c0fd8c3046d9a4a7faa6e492487dcafb9f2c0b91fa892a48acaae5951f2?s=96&d=mm&r=g","caption":"Susanna"}}]}},"featured_image_data":{"url":"https:\/\/hoods.fi\/wp-content\/uploads\/2025\/11\/eura_kauttua_terassitalo_talvi2023_2000px_knowyourhoods-768x495.jpg","caption":"","copyright":""},"yoast_meta":{"yoast_wpseo_title":"","yoast_wpseo_metadesc":"","yoast_wpseo_canonical":""},"_links":{"self":[{"href":"https:\/\/hoods.fi\/fi\/wp-json\/wp\/v2\/posts\/997","targetHints":{"allow":["GET"]}}],"collection":[{"href":"https:\/\/hoods.fi\/fi\/wp-json\/wp\/v2\/posts"}],"about":[{"href":"https:\/\/hoods.fi\/fi\/wp-json\/wp\/v2\/types\/post"}],"author":[{"embeddable":true,"href":"https:\/\/hoods.fi\/fi\/wp-json\/wp\/v2\/users\/2"}],"replies":[{"embeddable":true,"href":"https:\/\/hoods.fi\/fi\/wp-json\/wp\/v2\/comments?post=997"}],"version-history":[{"count":0,"href":"https:\/\/hoods.fi\/fi\/wp-json\/wp\/v2\/posts\/997\/revisions"}],"wp:featuredmedia":[{"embeddable":true,"href":"https:\/\/hoods.fi\/fi\/wp-json\/wp\/v2\/media\/996"}],"wp:attachment":[{"href":"https:\/\/hoods.fi\/fi\/wp-json\/wp\/v2\/media?parent=997"}],"wp:term":[{"taxonomy":"category","embeddable":true,"href":"https:\/\/hoods.fi\/fi\/wp-json\/wp\/v2\/categories?post=997"},{"taxonomy":"post_tag","embeddable":true,"href":"https:\/\/hoods.fi\/fi\/wp-json\/wp\/v2\/tags?post=997"}],"curies":[{"name":"wp","href":"https:\/\/api.w.org\/{rel}","templated":true}]}}